{"id":24366,"date":"2019-09-16T15:05:21","date_gmt":"2019-09-16T08:05:21","guid":{"rendered":"https:\/\/anvilaw.com\/vi\/?p=24366"},"modified":"2022-06-01T15:20:26","modified_gmt":"2022-06-01T08:20:26","slug":"2-346-ceo-asanzo-noi-ve-chuyen-duoc-minh-oan-chung-toi-tu-cuu-lay-minh","status":"publish","type":"post","link":"https:\/\/anvilaw.com\/vi\/2-346-ceo-asanzo-noi-ve-chuyen-duoc-minh-oan-chung-toi-tu-cuu-lay-minh\/","title":{"rendered":"2.346. CEO Asanzo n\u00f3i v\u1ec1 chuy\u1ec7n \u201c\u0111\u01b0\u1ee3c minh oan\u201d: Ch\u00fang t\u00f4i t\u1ef1 c\u1ee9u l\u1ea5y m\u00ecnh"},"content":{"rendered":"<strong>(DV) &#8211; Chi\u1ec1u 16\/9, trao \u0111\u1ed5i v\u1edbi D\u00e2n Vi\u1ec7t, \u00f4ng Ph\u1ea1m V\u0103n Tam, ch\u1ee7 t\u1ecbch H\u0110QT t\u1eadp \u0111o\u00e0n Asanzo cho bi\u1ebft, hi\u1ec7n nay, t\u1ea5t c\u1ea3 c\u00e1c c\u01a1 quan ch\u1ee9c n\u0103ng \u0111\u01b0\u1ee3c Th\u1ee7 t\u01b0\u1edbng Ch\u00ednh ph\u1ee7 giao nhi\u1ec7m v\u1ee5 thanh tra, ki\u1ec3m tra ho\u1ea1t \u0111\u1ed9ng c\u1ee7a Asanzo \u0111\u00e3 c\u00f3 k\u1ebft lu\u1eadn ch\u00ednh th\u1ee9c. T\u1eadp \u0111o\u00e0n Asanzo s\u1ebd t\u1ed5 ch\u1ee9c h\u1ecdp b\u00e1o c\u00f4ng b\u1ed1 n\u1ed9i dung k\u1ebft lu\u1eadn v\u00e0 th\u00f4ng b\u00e1o v\u1ec1 vi\u1ec7c nh\u00e0 m\u00e1y ho\u1ea1t \u0111\u1ed9ng tr\u1edf l\u1ea1i b\u00ecnh th\u01b0\u1eddng.<\/strong><\/p>\n<p>M\u1edbi \u0111\u00e2y, t\u1eadp \u0111o\u00e0n\u00a0Asanzo \u0111\u00e3 \u0111\u0103ng t\u1ea3i th\u00f4ng b\u00e1o li\u00ean quan \u0111\u1ebfn vi\u1ec7c t\u1ed5 ch\u1ee9c h\u1ecdp b\u00e1o v\u1edbi n\u1ed9i dung: \u201cCh\u00fang t\u00f4i \u0111\u01b0\u1ee3c minh oan\u201d v\u00e0o ng\u00e0y 17\/09\/2019 t\u1ea1i H\u00e0 N\u1ed9i.<\/p>\n<p>Theo \u0111\u1ea1i di\u1ec7n t\u1eadp \u0111o\u00e0n Asanzo cho bi\u1ebft, n\u1ed9i dung bu\u1ed5i h\u1ecdp b\u00e1o nh\u1eb1m th\u00f4ng tin \u0111\u1ebfn c\u00e1c c\u01a1 quan b\u00e1o ch\u00ed, truy\u1ec1n th\u00f4ng, ng\u01b0\u1eddi ti\u00eau d\u00f9ng v\u1ec1 k\u1ebft lu\u1eadn c\u1ee7a c\u00e1c c\u01a1 quan ch\u1ee9c n\u0103ng li\u00ean quan \u0111\u1ebfn nghi v\u1ea5n nh\u1eadp h\u00e0ng Trung Qu\u1ed1c ghi nh\u00e3n \u201cMade in VietNam\u201d \u0111\u01b0\u1ee3c ph\u1ea3n \u00e1nh th\u1eddi gian qua.<\/p>\n<p>Trao \u0111\u1ed5i v\u1edbi ph\u00f3ng vi\u00ean b\u00e1o D\u00e2n Vi\u1ec7t, \u00f4ng Ph\u1ea1m V\u0103n Tam cho bi\u1ebft, hi\u1ec7n nay, t\u1eadp \u0111o\u00e0n Asanzo \u0111\u00e3 nh\u1eadn \u0111\u01b0\u1ee3c t\u1ea5t c\u1ea3 c\u00e1c k\u1ebft lu\u1eadn c\u1ee7a c\u01a1 quan ch\u1ee9c n\u0103ng. Tuy nhi\u00ean, v\u00ec kh\u00f4ng c\u00f3 c\u01a1 quan n\u00e0o h\u1ecdp b\u00e1o c\u00f4ng b\u1ed1 n\u00ean t\u1eadp \u0111o\u00e0n ph\u1ea3i t\u1ed5 ch\u1ee9c \u0111\u1ec3 \u201ct\u1ef1 c\u1ee9u l\u1ea5y m\u00ecnh\u201d.<\/p>\n<p align=\"center\"><em><img decoding=\"async\" src=\"https:\/\/danviet.mediacdn.vn\/upload\/3-2019\/images\/2019-09-16\/duoc-minh-oan-khong-dung-hang-Trung-Quoc-ghi-Made-in-VietNam-Asanzo-cua-CEO-Pham-Van-Tam-se-hoi-sinh-a-tam2-1056599-1568619077-width680height480.jpg\" width=\"660\" \/><\/em><\/p>\n<p class=\"img_chu_thich_0407\" align=\"center\"><em>\u0110\u01b0\u1ee3c minh oan, Asanzo c\u00f3 tr\u1edf l\u1ea1i \u0111\u01b0\u1ee3c &#8220;th\u1eddi ho\u00e0ng kim&#8221;?<\/em><\/p>\n<p>\u201cHi\u1ec7n nay, sau qu\u00e1 tr\u00ecnh \u0111i\u1ec1u tra, x\u00e1c minh,\u00a0ch\u00fang t\u00f4i \u0111\u00e3 c\u00f3 k\u1ebft lu\u1eadn c\u1ee7a t\u1ea5t c\u1ea3 c\u00e1c c\u01a1 quan \u0111\u01b0\u1ee3c Th\u1ee7 t\u01b0\u1edbng Ch\u00ednh ph\u1ee7 giao vi\u1ec7c thanh tra, ki\u1ec3m tra g\u1ed3m: B\u1ed9 C\u00f4ng Th\u01b0\u01a1ng, T\u00e0i ch\u00ednh,\u2026\u00a0Tuy nhi\u00ean, kh\u00f4ng c\u00f3 c\u01a1 quan n\u00e0o t\u1ed5 ch\u1ee9c c\u00f4ng b\u1ed1 th\u00f4ng tin ch\u00ednh th\u1ee9c n\u00ean ch\u00fang t\u00f4i ph\u1ea3i t\u1ef1 l\u00e0m&#8221;.<\/p>\n<p>B\u00ean c\u1ea1nh vi\u1ec7c c\u00f4ng b\u1ed1 k\u1ebft lu\u1eadn thanh tra, ch\u00fang t\u00f4i c\u0169ng s\u1ebd th\u00f4ng b\u00e1o v\u1ec1 vi\u1ec7c s\u1ebd \u0111\u01b0a c\u00e1c nh\u00e0 m\u00e1y s\u1ea3n xu\u1ea5t c\u1ee7a Asanzo tr\u1edf l\u1ea1i ho\u1ea1t \u0111\u1ed9ng b\u00ecnh th\u01b0\u1eddng\u201d \u00f4ng Ph\u1ea1m V\u0103n Tam n\u00f3i.<\/p>\n<p>Ngo\u00e0i ra, \u00f4ng Tam th\u00f4ng tin th\u00eam, vi\u1ec7c c\u00e1c c\u01a1 quan ch\u1ee9c n\u0103ng sau qu\u00e1 tr\u00ecnh thanh tra, ki\u1ec3m tra c\u00f3 k\u1ebft lu\u1eadn l\u1ea1i kh\u00f4ng th\u00f4ng b\u00e1o ch\u00ednh th\u1ee9c khi\u1ebfn doanh nghi\u1ec7p b\u1ecb kh\u1ee7ng ho\u1ea3ng l\u1edbn.<\/p>\n<p>\u201cC\u00e1c c\u01a1 quan \u0111\u00e3 c\u00f3 k\u1ebft lu\u1eadn, n\u1ebfu m\u00ecnh sai th\u00ec s\u1ebd c\u00f3 th\u00f4ng tin ngay. Trong tr\u01b0\u1eddng h\u1ee3p, \u0111\u00fang 9 sai 1 th\u1ebf n\u00e0y th\u00ec tr\u01b0\u1edbc gi\u1edd c\u00f3 c\u01a1 quan n\u00e0o c\u00f4ng b\u1ed1 \u0111\u00e2u. Ch\u00fang t\u00f4i ph\u1ea3i t\u1ed5 ch\u1ee9c c\u00f4ng b\u1ed1 th\u00f4ng tin \u0111\u1ec3 t\u1ef1 c\u1ee9u l\u1ea5y m\u00ecnh\u201d \u00f4ng Tam cho bi\u1ebft.<\/p>\n<p>Tr\u01b0\u1edbc \u0111\u00f3, \u00f4ng Ph\u1ea1m V\u0103n Tam \u0111\u00e3 vi\u1ebft t\u00e2m th\u01b0 g\u1eedi l\u00ean Th\u1ee7 t\u01b0\u1edbng Nguy\u1ec5n Xu\u00e2n Ph\u00fac v\u1ec1 vi\u1ec7c c\u01a1 quan ch\u1ee9c n\u0103ng ch\u1eadm \u0111\u01b0a ra k\u1ebft lu\u1eadn thanh tra s\u1ea3n ph\u1ea9m th\u01b0\u01a1ng hi\u1ec7u Asanzo. Theo \u0111\u00f3 ng\u00e0y 30\/8\/2019, l\u00e0 th\u1eddi h\u1ea1n \u0111\u01b0\u1ee3c Th\u1ee7 t\u01b0\u1edbng Nguy\u1ec5n Xu\u00e2n Ph\u00fac y\u00eau c\u1ea7u ph\u1ea3i c\u00f3 k\u1ebft lu\u1eadn ch\u00ednh th\u1ee9c, vi\u1ec7c c\u00e1c c\u01a1 quan ch\u1eadm tr\u1ec5 khi\u1ebfn doanh nghi\u1ec7p l\u00e2m v\u00e0o b\u01b0\u1edbc \u0111\u01b0\u1eddng c\u00f9ng, Asanzo \u0111\u00e3 ph\u1ea3i xem x\u00e9t v\u1ea5n \u0111\u1ec1 tuy\u00ean b\u1ed1 ph\u00e1 s\u1ea3n.<\/p>\n<p>Sau \u0111\u00f3, T\u1ed5ng c\u1ee5c H\u1ea3i quan \u0111\u00e3 c\u00f3 th\u00f4ng c\u00e1o b\u00e1o ch\u00ed v\u1ec1 v\u1ee5 vi\u1ec7c c\u1ee7a C\u00f4ng ty c\u1ed5 ph\u1ea7n t\u1eadp \u0111o\u00e0n (CTCP) Asanzo c\u1ee7a \u00f4ng Ph\u1ea1m V\u0103n Tam. C\u1ee5 th\u1ec3, T\u1ed5ng c\u1ee5c H\u1ea3i quan cho bi\u1ebft t\u1eeb ng\u00e0y 01\/01\/2017 \u0111\u1ebfn 30\/6\/2019, C\u00f4ng ty CP T\u1eadp \u0111o\u00e0n Asanzo c\u00f3 quan h\u1ec7 mua h\u00e0ng v\u1edbi 58 c\u00f4ng ty trong \u0111\u00f3 c\u00f3 9 c\u00f4ng ty mang t\u00ean \u201cAsanzo\u201d.<\/p>\n<p>Trong \u0111\u00f3, c\u00f3 14 c\u00f4ng ty b\u1ecf tr\u1ed1n, 4 c\u00f4ng ty kh\u00f4ng t\u1ed3n t\u1ea1i \u0111\u1ecba ch\u1ec9 theo \u0111\u0103ng k\u00fd kinh doanh, 7 c\u00f4ng ty \u0111\u00e3 ng\u1eebng ho\u1ea1t \u0111\u1ed9ng, 1 c\u00f4ng ty kh\u00f4ng ho\u1ea1t \u0111\u1ed9ng t\u1ea1i \u0111\u1ecba ch\u1ec9 \u0111\u0103ng k\u00fd kinh doanh, 32 c\u00f4ng ty \u0111ang ho\u1ea1t \u0111\u1ed9ng.<\/p>\n<p>V\u1ec1 k\u1ebft qu\u1ea3 ki\u1ec3m tra ho\u1ea1t \u0111\u1ed9ng xu\u1ea5t nh\u1eadp kh\u1ea9u c\u1ee7a Cty CP Asanzo, T\u1ed5ng c\u1ee5c H\u1ea3i quan th\u00f4ng b\u00e1o, t\u1eeb 20\/10\/2016 \u0111\u1ebfn 30\/6\/2019, Cty l\u00e0m th\u1ee7 t\u1ee5c h\u1ea3i quan nh\u1eadp kh\u1ea9u 26 t\u1edd khai h\u1ea3i quan, t\u1ed5ng kim ng\u1ea1ch nh\u1eadp kh\u1ea9u 171.636.719 \u0111\u1ed3ng; m\u1eb7t h\u00e0ng nh\u1eadp kh\u1ea9u \u0111\u1ec3 l\u00e0m h\u00e0ng m\u1eabu (kh\u00f4ng thanh to\u00e1n) g\u1ed3m b\u1ea3ng m\u1ea1ch \u0111i\u1ec7n t\u1eed l\u1eafp r\u00e1p ti vi, c\u00e1p t\u00edn hi\u1ec7u, lo go b\u1eb1ng kim lo\u1ea1i,\u2026Tr\u00ean t\u1edd khai h\u1ea3i quan khai h\u00e0ng h\u00f3a c\u00f3 xu\u1ea5t x\u1ee9 Trung Qu\u1ed1c.<\/p>\n<p>Trao \u0111\u1ed5i v\u1edbi D\u00e2n Vi\u1ec7t, CEO Ph\u1ea1m V\u0103n Tam cho bi\u1ebft, \u00f4ng r\u1ea5t b\u1ee9c x\u00fac v\u00e0 th\u1ea5t v\u1ecdng v\u1ec1 n\u1ed9i dung k\u1ebft lu\u1eadn c\u1ee7a T\u1ed5ng c\u1ee5c H\u1ea3i quan. \u00d4ng Tam cho bi\u1ebft, n\u1ed9i dung k\u1ebft lu\u1eadn kh\u00f4ng \u0111i v\u00e0o nh\u1eefng n\u1ed9i dung tr\u1ecdng t\u00e2m, kh\u00f4ng \u0111\u00fang v\u1edbi ch\u1ee9c n\u0103ng ki\u1ec3m tra v\u1ea5n \u0111\u1ec1 c\u00f3 hay kh\u00f4ng vi\u1ec7c gian l\u1eadn th\u01b0\u01a1ng m\u1ea1i, sai ph\u1ea1m v\u1ec1 h\u00e0ng h\u00f3a sau th\u00f4ng quan? B\u00ean c\u1ea1nh \u0111\u00f3, th\u00f4ng b\u00e1o k\u1ebft lu\u1eadn tr\u00ean c\u00f2n d\u00f9ng c\u00e2u ch\u1eef d\u1ec5 g\u00e2y hi\u1ec3u nh\u1ea7m cho ng\u01b0\u1eddi d\u00e2n.<\/p>\n<p>Hi\u1ec7n nay, tuy \u0111\u00e3 c\u00f3 k\u1ebft lu\u1eadn ch\u00ednh th\u1ee9c v\u1ec1 v\u1ee5 vi\u1ec7c c\u1ee7a t\u1eadp \u0111o\u00e0n Asanzo, nh\u01b0ng theo \u0111\u00e1nh gi\u00e1 c\u1ee7a c\u00e1c chuy\u00ean gia, n\u1ebfu h\u1ec7 th\u1ed1ng lu\u1eadt ph\u00e1p v\u1eabn kh\u00f4ng thay \u0111\u1ed5i, \u0111\u1ec3 t\u1ed3n t\u1ea1i nh\u1eefng b\u1ea5t c\u1eadp v\u1ec1 quy \u0111\u1ecbnh ghi nh\u00e3n h\u00e0ng th\u00ec h\u00e0ng ngh\u00ecn doanh nghi\u1ec7p v\u1eabn trong t\u00ecnh tr\u1ea1ng \u201cd\u1edf s\u1ed1ng, d\u1edf ch\u1ebft\u201d, s\u1ebd c\u00f2n nh\u1eefng v\u1ee5 Asanzo th\u1ee9 hai.<\/p>\n<p>Theo Lu\u1eadt s\u01b0 Tr\u01b0\u01a1ng Thanh \u0110\u1ee9c, Gi\u00e1m \u0111\u1ed1c C\u00f4ng ty Lu\u1eadt <span style=\"color: #713817\">ANVI<\/span>, v\u1ea5n \u0111\u1ec1 b\u1ea5t c\u1eadp trong quy \u0111\u1ecbnh ghi nh\u00e3n m\u00e1c h\u00e0ng h\u00f3a xu\u1ea5t ph\u00e1t t\u1eeb ngh\u1ecb \u0111\u1ecbnh 43 kh\u00f4ng \u0111\u01b0\u1ee3c h\u01b0\u1edbng d\u1eabn k\u1ef9. D\u1ef1 th\u1ea3o Th\u00f4ng t\u01b0 \u201cMade in VietNam\u201d m\u1edbi \u0111\u01b0\u1ee3c \u0111\u01b0a ra l\u1ea5y \u00fd ki\u1ebfn g\u1ea7n \u0111\u00e2y v\u1eabn c\u00f2n nhi\u1ec1u l\u1ed7 h\u1ed5ng.<\/p>\n<p>\u201cTheo t\u00f4i, v\u1ea5n \u0111\u1ec1 m\u1ea5u ch\u1ed1t l\u00e0 lu\u1eadt \u0111\u00e3 b\u1eaft bu\u1ed9c ph\u1ea3i ghi nh\u00e3n h\u00e0ng th\u00ec ph\u1ea3i gi\u1ea3i th\u00edch c\u1ee5 th\u1ec3. Hi\u1ec7n t\u1ea1i, quy \u0111\u1ecbnh cho doanh nghi\u1ec7p t\u1ef1 l\u1ef1a ch\u1ecdn c\u00e1ch ghi nh\u01b0ng khi c\u00f3 v\u1ea5n \u0111\u1ec1 l\u1ea1i kh\u00f4ng bi\u1ebft ph\u00e2n x\u1eed th\u1ebf n\u00e0o, \u0111i\u1ec1u n\u00e0y \u1ea3nh h\u01b0\u1edfng \u0111\u1ebfn vi\u1ec7c s\u1ed1ng c\u00f2n c\u1ee7a g\u1ea7n n\u1eeda tri\u1ec7u DN tr\u00ean c\u1ea3 n\u01b0\u1edbc.\u201d Lu\u1eadt s\u01b0 Tr\u01b0\u01a1ng Thanh \u0110\u1ee9c th\u00f4ng tin.<\/p>\n<p><strong>Thanh Phong<\/strong><\/p>\n<p>&#8212;&#8212;&#8212;&#8212;&#8212;&#8212;<\/p>\n<p><strong><em>D\u00e2n Vi\u1ec7t (Kinh t\u1ebf) 16-9-2019:<\/em><\/strong><\/p>\n<p><a href=\"http:\/\/danviet.vn\/kinh-te\/duoc-minh-oan-asanzo-cua-ceo-pham-van-tam-se-hoi-sinh-1014719.html\"><em>http:\/\/danviet.vn\/kinh-te\/duoc-minh-oan-asanzo-cua-ceo-pham-van-tam-se-hoi-sinh-1014719.html<\/em><\/a><\/p>\n<p><em>(125\/997)<\/em>","protected":false},"excerpt":{"rendered":"<p>(DV) &#8211; Chi\u1ec1u 16\/9, trao \u0111\u1ed5i v\u1edbi D\u00e2n Vi\u1ec7t, \u00f4ng Ph\u1ea1m V\u0103n Tam, ch\u1ee7 t\u1ecbch H\u0110QT t\u1eadp \u0111o\u00e0n Asanzo cho bi\u1ebft, hi\u1ec7n nay, t\u1ea5t c\u1ea3 c\u00e1c c\u01a1 quan ch\u1ee9c n\u0103ng \u0111\u01b0\u1ee3c Th\u1ee7 t\u01b0\u1edbng Ch\u00ednh ph\u1ee7 giao nhi\u1ec7m v\u1ee5 thanh tra, ki\u1ec3m tra ho\u1ea1t \u0111\u1ed9ng c\u1ee7a Asanzo \u0111\u00e3 c\u00f3 k\u1ebft lu\u1eadn ch\u00ednh th\u1ee9c. T\u1eadp \u0111o\u00e0n Asanzo [&hellip;]<\/p>\n","protected":false},"author":10,"featured_media":24375,"comment_status":"open","ping_status":"open","sticky":false,"template":"","format":"standard","meta":{"_acf_changed":false,"footnotes":""},"categories":[17,26],"tags":[],"class_list":["post-24366","post","type-post","status-publish","format-standard","has-post-thumbnail","hentry","category-binh-luan-gop-y","category-legal-media"],"acf":[],"yoast_head":"<!-- This site is optimized with the Yoast SEO plugin v27.3 - https:\/\/yoast.com\/product\/yoast-seo-wordpress\/ -->\n<title>2.346. CEO Asanzo n\u00f3i v\u1ec1 chuy\u1ec7n \u201c\u0111\u01b0\u1ee3c minh oan\u201d: Ch\u00fang t\u00f4i t\u1ef1 c\u1ee9u l\u1ea5y m\u00ecnh - ANVI Law Firm<\/title>\n<meta name=\"robots\" content=\"index, follow, max-snippet:-1, max-image-preview:large, max-video-preview:-1\" \/>\n<link rel=\"canonical\" href=\"https:\/\/anvilaw.com\/en\/tieng-viet-2-346-ceo-asanzo-noi-ve-chuyen-duoc-minh-oan-chung-toi-tu-cuu-lay-minh\/\" \/>\n<meta property=\"og:locale\" content=\"vi_VN\" \/>\n<meta property=\"og:type\" content=\"article\" \/>\n<meta property=\"og:title\" content=\"[:vi]2.346. CEO Asanzo n\u00f3i v\u1ec1 chuy\u1ec7n \u201c\u0111\u01b0\u1ee3c minh oan\u201d: Ch\u00fang t\u00f4i t\u1ef1 c\u1ee9u l\u1ea5y m\u00ecnh[:] - ANVI Law Firm\" \/>\n<meta property=\"og:description\" content=\"(DV) &#8211; Chi\u1ec1u 16\/9, trao \u0111\u1ed5i v\u1edbi D\u00e2n Vi\u1ec7t, \u00f4ng Ph\u1ea1m V\u0103n Tam, ch\u1ee7 t\u1ecbch H\u0110QT t\u1eadp \u0111o\u00e0n Asanzo cho bi\u1ebft, hi\u1ec7n nay, t\u1ea5t c\u1ea3 c\u00e1c c\u01a1 quan ch\u1ee9c n\u0103ng \u0111\u01b0\u1ee3c Th\u1ee7 t\u01b0\u1edbng Ch\u00ednh ph\u1ee7 giao nhi\u1ec7m v\u1ee5 thanh tra, ki\u1ec3m tra ho\u1ea1t \u0111\u1ed9ng c\u1ee7a Asanzo \u0111\u00e3 c\u00f3 k\u1ebft lu\u1eadn ch\u00ednh th\u1ee9c. T\u1eadp \u0111o\u00e0n Asanzo [&hellip;]\" \/>\n<meta property=\"og:url\" content=\"https:\/\/anvilaw.com\/en\/tieng-viet-2-346-ceo-asanzo-noi-ve-chuyen-duoc-minh-oan-chung-toi-tu-cuu-lay-minh\/\" \/>\n<meta property=\"og:site_name\" content=\"ANVI Law Firm\" \/>\n<meta property=\"article:publisher\" content=\"https:\/\/facebook.com\/anvilawfirm\" \/>\n<meta property=\"article:published_time\" content=\"2019-09-16T08:05:21+00:00\" \/>\n<meta property=\"article:modified_time\" content=\"2022-06-01T08:20:26+00:00\" \/>\n<meta property=\"og:image\" content=\"https:\/\/anvilaw.com\/wp-content\/uploads\/2022\/06\/duoc-minh-oan-khong-dung-hang-Trung-Quoc-ghi-Made-in-VietNam-Asanzo-cua-CEO-Pham-Van-Tam-se-hoi-sinh-a-tam2-1056599-1568619077-width680height480.jpg\" \/>\n\t<meta property=\"og:image:width\" content=\"680\" \/>\n\t<meta property=\"og:image:height\" content=\"480\" \/>\n\t<meta property=\"og:image:type\" content=\"image\/jpeg\" \/>\n<meta name=\"author\" content=\"Tr\u01b0\u01a1ng V\u0169 Ho\u00e0ng\" \/>\n<meta name=\"twitter:card\" content=\"summary_large_image\" \/>\n<meta name=\"twitter:creator\" content=\"@anvilawfirm\" \/>\n<meta name=\"twitter:site\" content=\"@anvilawfirm\" \/>\n<meta name=\"twitter:label1\" content=\"\u0110\u01b0\u1ee3c vi\u1ebft b\u1edfi\" \/>\n\t<meta name=\"twitter:data1\" content=\"Tr\u01b0\u01a1ng V\u0169 Ho\u00e0ng\" \/>\n\t<meta name=\"twitter:label2\" content=\"\u01af\u1edbc t\u00ednh th\u1eddi gian \u0111\u1ecdc\" \/>\n\t<meta name=\"twitter:data2\" content=\"7 ph\u00fat\" \/>\n<script type=\"application\/ld+json\" class=\"yoast-schema-graph\">{\"@context\":\"https:\\\/\\\/schema.org\",\"@graph\":[{\"@type\":\"Article\",\"@id\":\"https:\\\/\\\/anvilaw.com\\\/en\\\/tieng-viet-2-346-ceo-asanzo-noi-ve-chuyen-duoc-minh-oan-chung-toi-tu-cuu-lay-minh\\\/#article\",\"isPartOf\":{\"@id\":\"https:\\\/\\\/anvilaw.com\\\/en\\\/tieng-viet-2-346-ceo-asanzo-noi-ve-chuyen-duoc-minh-oan-chung-toi-tu-cuu-lay-minh\\\/\"},\"author\":{\"name\":\"Tr\u01b0\u01a1ng V\u0169 Ho\u00e0ng\",\"@id\":\"https:\\\/\\\/anvilaw.com\\\/vi\\\/#\\\/schema\\\/person\\\/2d150c4ef033c94d530c391731b640b9\"},\"headline\":\"2.346. CEO Asanzo n\u00f3i v\u1ec1 chuy\u1ec7n \u201c\u0111\u01b0\u1ee3c minh oan\u201d: Ch\u00fang t\u00f4i t\u1ef1 c\u1ee9u l\u1ea5y m\u00ecnh\",\"datePublished\":\"2019-09-16T08:05:21+00:00\",\"dateModified\":\"2022-06-01T08:20:26+00:00\",\"mainEntityOfPage\":{\"@id\":\"https:\\\/\\\/anvilaw.com\\\/en\\\/tieng-viet-2-346-ceo-asanzo-noi-ve-chuyen-duoc-minh-oan-chung-toi-tu-cuu-lay-minh\\\/\"},\"wordCount\":1501,\"commentCount\":0,\"publisher\":{\"@id\":\"https:\\\/\\\/anvilaw.com\\\/vi\\\/#organization\"},\"image\":{\"@id\":\"https:\\\/\\\/anvilaw.com\\\/en\\\/tieng-viet-2-346-ceo-asanzo-noi-ve-chuyen-duoc-minh-oan-chung-toi-tu-cuu-lay-minh\\\/#primaryimage\"},\"thumbnailUrl\":\"https:\\\/\\\/anvilaw.com\\\/wp-content\\\/uploads\\\/2022\\\/06\\\/duoc-minh-oan-khong-dung-hang-Trung-Quoc-ghi-Made-in-VietNam-Asanzo-cua-CEO-Pham-Van-Tam-se-hoi-sinh-a-tam2-1056599-1568619077-width680height480.jpg\",\"articleSection\":[\"Tr\u00edch d\u1eabn\",\"T\u01b0 li\u1ec7u ANVI\"],\"inLanguage\":\"vi\",\"potentialAction\":[{\"@type\":\"CommentAction\",\"name\":\"Comment\",\"target\":[\"https:\\\/\\\/anvilaw.com\\\/en\\\/tieng-viet-2-346-ceo-asanzo-noi-ve-chuyen-duoc-minh-oan-chung-toi-tu-cuu-lay-minh\\\/#respond\"]}]},{\"@type\":\"WebPage\",\"@id\":\"https:\\\/\\\/anvilaw.com\\\/en\\\/tieng-viet-2-346-ceo-asanzo-noi-ve-chuyen-duoc-minh-oan-chung-toi-tu-cuu-lay-minh\\\/\",\"url\":\"https:\\\/\\\/anvilaw.com\\\/en\\\/tieng-viet-2-346-ceo-asanzo-noi-ve-chuyen-duoc-minh-oan-chung-toi-tu-cuu-lay-minh\\\/\",\"name\":\"[:vi]2.346. CEO Asanzo n\u00f3i v\u1ec1 chuy\u1ec7n \u201c\u0111\u01b0\u1ee3c minh oan\u201d: Ch\u00fang t\u00f4i t\u1ef1 c\u1ee9u l\u1ea5y m\u00ecnh[:] - ANVI Law Firm\",\"isPartOf\":{\"@id\":\"https:\\\/\\\/anvilaw.com\\\/vi\\\/#website\"},\"primaryImageOfPage\":{\"@id\":\"https:\\\/\\\/anvilaw.com\\\/en\\\/tieng-viet-2-346-ceo-asanzo-noi-ve-chuyen-duoc-minh-oan-chung-toi-tu-cuu-lay-minh\\\/#primaryimage\"},\"image\":{\"@id\":\"https:\\\/\\\/anvilaw.com\\\/en\\\/tieng-viet-2-346-ceo-asanzo-noi-ve-chuyen-duoc-minh-oan-chung-toi-tu-cuu-lay-minh\\\/#primaryimage\"},\"thumbnailUrl\":\"https:\\\/\\\/anvilaw.com\\\/wp-content\\\/uploads\\\/2022\\\/06\\\/duoc-minh-oan-khong-dung-hang-Trung-Quoc-ghi-Made-in-VietNam-Asanzo-cua-CEO-Pham-Van-Tam-se-hoi-sinh-a-tam2-1056599-1568619077-width680height480.jpg\",\"datePublished\":\"2019-09-16T08:05:21+00:00\",\"dateModified\":\"2022-06-01T08:20:26+00:00\",\"breadcrumb\":{\"@id\":\"https:\\\/\\\/anvilaw.com\\\/en\\\/tieng-viet-2-346-ceo-asanzo-noi-ve-chuyen-duoc-minh-oan-chung-toi-tu-cuu-lay-minh\\\/#breadcrumb\"},\"inLanguage\":\"vi\",\"potentialAction\":[{\"@type\":\"ReadAction\",\"target\":[\"https:\\\/\\\/anvilaw.com\\\/en\\\/tieng-viet-2-346-ceo-asanzo-noi-ve-chuyen-duoc-minh-oan-chung-toi-tu-cuu-lay-minh\\\/\"]}]},{\"@type\":\"ImageObject\",\"inLanguage\":\"vi\",\"@id\":\"https:\\\/\\\/anvilaw.com\\\/en\\\/tieng-viet-2-346-ceo-asanzo-noi-ve-chuyen-duoc-minh-oan-chung-toi-tu-cuu-lay-minh\\\/#primaryimage\",\"url\":\"https:\\\/\\\/anvilaw.com\\\/wp-content\\\/uploads\\\/2022\\\/06\\\/duoc-minh-oan-khong-dung-hang-Trung-Quoc-ghi-Made-in-VietNam-Asanzo-cua-CEO-Pham-Van-Tam-se-hoi-sinh-a-tam2-1056599-1568619077-width680height480.jpg\",\"contentUrl\":\"https:\\\/\\\/anvilaw.com\\\/wp-content\\\/uploads\\\/2022\\\/06\\\/duoc-minh-oan-khong-dung-hang-Trung-Quoc-ghi-Made-in-VietNam-Asanzo-cua-CEO-Pham-Van-Tam-se-hoi-sinh-a-tam2-1056599-1568619077-width680height480.jpg\",\"width\":680,\"height\":480},{\"@type\":\"BreadcrumbList\",\"@id\":\"https:\\\/\\\/anvilaw.com\\\/en\\\/tieng-viet-2-346-ceo-asanzo-noi-ve-chuyen-duoc-minh-oan-chung-toi-tu-cuu-lay-minh\\\/#breadcrumb\",\"itemListElement\":[{\"@type\":\"ListItem\",\"position\":1,\"name\":\"Home\",\"item\":\"https:\\\/\\\/anvilaw.com\\\/vi\\\/\"},{\"@type\":\"ListItem\",\"position\":2,\"name\":\"(Ti\u1ebfng Vi\u1ec7t) 2.346. CEO Asanzo n\u00f3i v\u1ec1 chuy\u1ec7n \u201c\u0111\u01b0\u1ee3c minh oan\u201d: Ch\u00fang t\u00f4i t\u1ef1 c\u1ee9u l\u1ea5y m\u00ecnh\"}]},{\"@type\":\"WebSite\",\"@id\":\"https:\\\/\\\/anvilaw.com\\\/vi\\\/#website\",\"url\":\"https:\\\/\\\/anvilaw.com\\\/vi\\\/\",\"name\":\"ANVI Law Firm - C\u00f4ng ty Lu\u1eadt ANVI\",\"description\":\"C\u00f4ng ty Lu\u1eadt ANVI - ANVI Law Firm\",\"publisher\":{\"@id\":\"https:\\\/\\\/anvilaw.com\\\/vi\\\/#organization\"},\"alternateName\":\"anvilaw.com\",\"potentialAction\":[{\"@type\":\"SearchAction\",\"target\":{\"@type\":\"EntryPoint\",\"urlTemplate\":\"https:\\\/\\\/anvilaw.com\\\/vi\\\/?s={search_term_string}\"},\"query-input\":{\"@type\":\"PropertyValueSpecification\",\"valueRequired\":true,\"valueName\":\"search_term_string\"}}],\"inLanguage\":\"vi\"},{\"@type\":\"Organization\",\"@id\":\"https:\\\/\\\/anvilaw.com\\\/vi\\\/#organization\",\"name\":\"C\u00f4ng ty Lu\u1eadt ANVI | ANVI Law Firm\",\"alternateName\":\"ANVI\",\"url\":\"https:\\\/\\\/anvilaw.com\\\/vi\\\/\",\"logo\":{\"@type\":\"ImageObject\",\"inLanguage\":\"vi\",\"@id\":\"https:\\\/\\\/anvilaw.com\\\/vi\\\/#\\\/schema\\\/logo\\\/image\\\/\",\"url\":\"https:\\\/\\\/anvilaw.com\\\/wp-content\\\/uploads\\\/2022\\\/01\\\/ANVI-Logo-ca-hinh-va-chu-khong-co-nen-174K-1.png\",\"contentUrl\":\"https:\\\/\\\/anvilaw.com\\\/wp-content\\\/uploads\\\/2022\\\/01\\\/ANVI-Logo-ca-hinh-va-chu-khong-co-nen-174K-1.png\",\"width\":3493,\"height\":1535,\"caption\":\"C\u00f4ng ty Lu\u1eadt ANVI | ANVI Law Firm\"},\"image\":{\"@id\":\"https:\\\/\\\/anvilaw.com\\\/vi\\\/#\\\/schema\\\/logo\\\/image\\\/\"},\"sameAs\":[\"https:\\\/\\\/facebook.com\\\/anvilawfirm\",\"https:\\\/\\\/x.com\\\/anvilawfirm\",\"https:\\\/\\\/www.youtube.com\\\/@anvilawfirm\",\"https:\\\/\\\/www.youtube.com\\\/@lsduc_anvi\"]},{\"@type\":\"Person\",\"@id\":\"https:\\\/\\\/anvilaw.com\\\/vi\\\/#\\\/schema\\\/person\\\/2d150c4ef033c94d530c391731b640b9\",\"name\":\"Tr\u01b0\u01a1ng V\u0169 Ho\u00e0ng\",\"image\":{\"@type\":\"ImageObject\",\"inLanguage\":\"vi\",\"@id\":\"https:\\\/\\\/secure.gravatar.com\\\/avatar\\\/48c13c33fcaee5c68ce1912665eb14ad7e85ea7575821e274a185c42319818d0?s=96&d=mm&r=g\",\"url\":\"https:\\\/\\\/secure.gravatar.com\\\/avatar\\\/48c13c33fcaee5c68ce1912665eb14ad7e85ea7575821e274a185c42319818d0?s=96&d=mm&r=g\",\"contentUrl\":\"https:\\\/\\\/secure.gravatar.com\\\/avatar\\\/48c13c33fcaee5c68ce1912665eb14ad7e85ea7575821e274a185c42319818d0?s=96&d=mm&r=g\",\"caption\":\"Tr\u01b0\u01a1ng V\u0169 Ho\u00e0ng\"},\"sameAs\":[\"http:\\\/\\\/anvilaw.com\"],\"url\":\"https:\\\/\\\/anvilaw.com\\\/vi\\\/author\\\/hoangtv\\\/\"}]}<\/script>\n<!-- \/ Yoast SEO plugin. -->","yoast_head_json":{"title":"[:vi]2.346. CEO Asanzo n\u00f3i v\u1ec1 chuy\u1ec7n \u201c\u0111\u01b0\u1ee3c minh oan\u201d: Ch\u00fang t\u00f4i t\u1ef1 c\u1ee9u l\u1ea5y m\u00ecnh[:] - ANVI Law Firm","robots":{"index":"index","follow":"follow","max-snippet":"max-snippet:-1","max-image-preview":"max-image-preview:large","max-video-preview":"max-video-preview:-1"},"canonical":"https:\/\/anvilaw.com\/en\/tieng-viet-2-346-ceo-asanzo-noi-ve-chuyen-duoc-minh-oan-chung-toi-tu-cuu-lay-minh\/","og_locale":"vi_VN","og_type":"article","og_title":"[:vi]2.346. CEO Asanzo n\u00f3i v\u1ec1 chuy\u1ec7n \u201c\u0111\u01b0\u1ee3c minh oan\u201d: Ch\u00fang t\u00f4i t\u1ef1 c\u1ee9u l\u1ea5y m\u00ecnh[:] - ANVI Law Firm","og_description":"(DV) &#8211; Chi\u1ec1u 16\/9, trao \u0111\u1ed5i v\u1edbi D\u00e2n Vi\u1ec7t, \u00f4ng Ph\u1ea1m V\u0103n Tam, ch\u1ee7 t\u1ecbch H\u0110QT t\u1eadp \u0111o\u00e0n Asanzo cho bi\u1ebft, hi\u1ec7n nay, t\u1ea5t c\u1ea3 c\u00e1c c\u01a1 quan ch\u1ee9c n\u0103ng \u0111\u01b0\u1ee3c Th\u1ee7 t\u01b0\u1edbng Ch\u00ednh ph\u1ee7 giao nhi\u1ec7m v\u1ee5 thanh tra, ki\u1ec3m tra ho\u1ea1t \u0111\u1ed9ng c\u1ee7a Asanzo \u0111\u00e3 c\u00f3 k\u1ebft lu\u1eadn ch\u00ednh th\u1ee9c. T\u1eadp \u0111o\u00e0n Asanzo [&hellip;]","og_url":"https:\/\/anvilaw.com\/en\/tieng-viet-2-346-ceo-asanzo-noi-ve-chuyen-duoc-minh-oan-chung-toi-tu-cuu-lay-minh\/","og_site_name":"ANVI Law Firm","article_publisher":"https:\/\/facebook.com\/anvilawfirm","article_published_time":"2019-09-16T08:05:21+00:00","article_modified_time":"2022-06-01T08:20:26+00:00","og_image":[{"width":680,"height":480,"url":"https:\/\/anvilaw.com\/wp-content\/uploads\/2022\/06\/duoc-minh-oan-khong-dung-hang-Trung-Quoc-ghi-Made-in-VietNam-Asanzo-cua-CEO-Pham-Van-Tam-se-hoi-sinh-a-tam2-1056599-1568619077-width680height480.jpg","type":"image\/jpeg"}],"author":"Tr\u01b0\u01a1ng V\u0169 Ho\u00e0ng","twitter_card":"summary_large_image","twitter_creator":"@anvilawfirm","twitter_site":"@anvilawfirm","twitter_misc":{"\u0110\u01b0\u1ee3c vi\u1ebft b\u1edfi":"Tr\u01b0\u01a1ng V\u0169 Ho\u00e0ng","\u01af\u1edbc t\u00ednh th\u1eddi gian \u0111\u1ecdc":"7 ph\u00fat"},"schema":{"@context":"https:\/\/schema.org","@graph":[{"@type":"Article","@id":"https:\/\/anvilaw.com\/en\/tieng-viet-2-346-ceo-asanzo-noi-ve-chuyen-duoc-minh-oan-chung-toi-tu-cuu-lay-minh\/#article","isPartOf":{"@id":"https:\/\/anvilaw.com\/en\/tieng-viet-2-346-ceo-asanzo-noi-ve-chuyen-duoc-minh-oan-chung-toi-tu-cuu-lay-minh\/"},"author":{"name":"Tr\u01b0\u01a1ng V\u0169 Ho\u00e0ng","@id":"https:\/\/anvilaw.com\/vi\/#\/schema\/person\/2d150c4ef033c94d530c391731b640b9"},"headline":"2.346. CEO Asanzo n\u00f3i v\u1ec1 chuy\u1ec7n \u201c\u0111\u01b0\u1ee3c minh oan\u201d: Ch\u00fang t\u00f4i t\u1ef1 c\u1ee9u l\u1ea5y m\u00ecnh","datePublished":"2019-09-16T08:05:21+00:00","dateModified":"2022-06-01T08:20:26+00:00","mainEntityOfPage":{"@id":"https:\/\/anvilaw.com\/en\/tieng-viet-2-346-ceo-asanzo-noi-ve-chuyen-duoc-minh-oan-chung-toi-tu-cuu-lay-minh\/"},"wordCount":1501,"commentCount":0,"publisher":{"@id":"https:\/\/anvilaw.com\/vi\/#organization"},"image":{"@id":"https:\/\/anvilaw.com\/en\/tieng-viet-2-346-ceo-asanzo-noi-ve-chuyen-duoc-minh-oan-chung-toi-tu-cuu-lay-minh\/#primaryimage"},"thumbnailUrl":"https:\/\/anvilaw.com\/wp-content\/uploads\/2022\/06\/duoc-minh-oan-khong-dung-hang-Trung-Quoc-ghi-Made-in-VietNam-Asanzo-cua-CEO-Pham-Van-Tam-se-hoi-sinh-a-tam2-1056599-1568619077-width680height480.jpg","articleSection":["Tr\u00edch d\u1eabn","T\u01b0 li\u1ec7u ANVI"],"inLanguage":"vi","potentialAction":[{"@type":"CommentAction","name":"Comment","target":["https:\/\/anvilaw.com\/en\/tieng-viet-2-346-ceo-asanzo-noi-ve-chuyen-duoc-minh-oan-chung-toi-tu-cuu-lay-minh\/#respond"]}]},{"@type":"WebPage","@id":"https:\/\/anvilaw.com\/en\/tieng-viet-2-346-ceo-asanzo-noi-ve-chuyen-duoc-minh-oan-chung-toi-tu-cuu-lay-minh\/","url":"https:\/\/anvilaw.com\/en\/tieng-viet-2-346-ceo-asanzo-noi-ve-chuyen-duoc-minh-oan-chung-toi-tu-cuu-lay-minh\/","name":"[:vi]2.346. CEO Asanzo n\u00f3i v\u1ec1 chuy\u1ec7n \u201c\u0111\u01b0\u1ee3c minh oan\u201d: Ch\u00fang t\u00f4i t\u1ef1 c\u1ee9u l\u1ea5y m\u00ecnh[:] - ANVI Law Firm","isPartOf":{"@id":"https:\/\/anvilaw.com\/vi\/#website"},"primaryImageOfPage":{"@id":"https:\/\/anvilaw.com\/en\/tieng-viet-2-346-ceo-asanzo-noi-ve-chuyen-duoc-minh-oan-chung-toi-tu-cuu-lay-minh\/#primaryimage"},"image":{"@id":"https:\/\/anvilaw.com\/en\/tieng-viet-2-346-ceo-asanzo-noi-ve-chuyen-duoc-minh-oan-chung-toi-tu-cuu-lay-minh\/#primaryimage"},"thumbnailUrl":"https:\/\/anvilaw.com\/wp-content\/uploads\/2022\/06\/duoc-minh-oan-khong-dung-hang-Trung-Quoc-ghi-Made-in-VietNam-Asanzo-cua-CEO-Pham-Van-Tam-se-hoi-sinh-a-tam2-1056599-1568619077-width680height480.jpg","datePublished":"2019-09-16T08:05:21+00:00","dateModified":"2022-06-01T08:20:26+00:00","breadcrumb":{"@id":"https:\/\/anvilaw.com\/en\/tieng-viet-2-346-ceo-asanzo-noi-ve-chuyen-duoc-minh-oan-chung-toi-tu-cuu-lay-minh\/#breadcrumb"},"inLanguage":"vi","potentialAction":[{"@type":"ReadAction","target":["https:\/\/anvilaw.com\/en\/tieng-viet-2-346-ceo-asanzo-noi-ve-chuyen-duoc-minh-oan-chung-toi-tu-cuu-lay-minh\/"]}]},{"@type":"ImageObject","inLanguage":"vi","@id":"https:\/\/anvilaw.com\/en\/tieng-viet-2-346-ceo-asanzo-noi-ve-chuyen-duoc-minh-oan-chung-toi-tu-cuu-lay-minh\/#primaryimage","url":"https:\/\/anvilaw.com\/wp-content\/uploads\/2022\/06\/duoc-minh-oan-khong-dung-hang-Trung-Quoc-ghi-Made-in-VietNam-Asanzo-cua-CEO-Pham-Van-Tam-se-hoi-sinh-a-tam2-1056599-1568619077-width680height480.jpg","contentUrl":"https:\/\/anvilaw.com\/wp-content\/uploads\/2022\/06\/duoc-minh-oan-khong-dung-hang-Trung-Quoc-ghi-Made-in-VietNam-Asanzo-cua-CEO-Pham-Van-Tam-se-hoi-sinh-a-tam2-1056599-1568619077-width680height480.jpg","width":680,"height":480},{"@type":"BreadcrumbList","@id":"https:\/\/anvilaw.com\/en\/tieng-viet-2-346-ceo-asanzo-noi-ve-chuyen-duoc-minh-oan-chung-toi-tu-cuu-lay-minh\/#breadcrumb","itemListElement":[{"@type":"ListItem","position":1,"name":"Home","item":"https:\/\/anvilaw.com\/vi\/"},{"@type":"ListItem","position":2,"name":"(Ti\u1ebfng Vi\u1ec7t) 2.346. CEO Asanzo n\u00f3i v\u1ec1 chuy\u1ec7n \u201c\u0111\u01b0\u1ee3c minh oan\u201d: Ch\u00fang t\u00f4i t\u1ef1 c\u1ee9u l\u1ea5y m\u00ecnh"}]},{"@type":"WebSite","@id":"https:\/\/anvilaw.com\/vi\/#website","url":"https:\/\/anvilaw.com\/vi\/","name":"ANVI Law Firm - C\u00f4ng ty Lu\u1eadt ANVI","description":"C\u00f4ng ty Lu\u1eadt ANVI - ANVI Law Firm","publisher":{"@id":"https:\/\/anvilaw.com\/vi\/#organization"},"alternateName":"anvilaw.com","potentialAction":[{"@type":"SearchAction","target":{"@type":"EntryPoint","urlTemplate":"https:\/\/anvilaw.com\/vi\/?s={search_term_string}"},"query-input":{"@type":"PropertyValueSpecification","valueRequired":true,"valueName":"search_term_string"}}],"inLanguage":"vi"},{"@type":"Organization","@id":"https:\/\/anvilaw.com\/vi\/#organization","name":"C\u00f4ng ty Lu\u1eadt ANVI | ANVI Law Firm","alternateName":"ANVI","url":"https:\/\/anvilaw.com\/vi\/","logo":{"@type":"ImageObject","inLanguage":"vi","@id":"https:\/\/anvilaw.com\/vi\/#\/schema\/logo\/image\/","url":"https:\/\/anvilaw.com\/wp-content\/uploads\/2022\/01\/ANVI-Logo-ca-hinh-va-chu-khong-co-nen-174K-1.png","contentUrl":"https:\/\/anvilaw.com\/wp-content\/uploads\/2022\/01\/ANVI-Logo-ca-hinh-va-chu-khong-co-nen-174K-1.png","width":3493,"height":1535,"caption":"C\u00f4ng ty Lu\u1eadt ANVI | ANVI Law Firm"},"image":{"@id":"https:\/\/anvilaw.com\/vi\/#\/schema\/logo\/image\/"},"sameAs":["https:\/\/facebook.com\/anvilawfirm","https:\/\/x.com\/anvilawfirm","https:\/\/www.youtube.com\/@anvilawfirm","https:\/\/www.youtube.com\/@lsduc_anvi"]},{"@type":"Person","@id":"https:\/\/anvilaw.com\/vi\/#\/schema\/person\/2d150c4ef033c94d530c391731b640b9","name":"Tr\u01b0\u01a1ng V\u0169 Ho\u00e0ng","image":{"@type":"ImageObject","inLanguage":"vi","@id":"https:\/\/secure.gravatar.com\/avatar\/48c13c33fcaee5c68ce1912665eb14ad7e85ea7575821e274a185c42319818d0?s=96&d=mm&r=g","url":"https:\/\/secure.gravatar.com\/avatar\/48c13c33fcaee5c68ce1912665eb14ad7e85ea7575821e274a185c42319818d0?s=96&d=mm&r=g","contentUrl":"https:\/\/secure.gravatar.com\/avatar\/48c13c33fcaee5c68ce1912665eb14ad7e85ea7575821e274a185c42319818d0?s=96&d=mm&r=g","caption":"Tr\u01b0\u01a1ng V\u0169 Ho\u00e0ng"},"sameAs":["https:\/\/anvilaw.com"],"url":"https:\/\/anvilaw.com\/vi\/author\/hoangtv\/"}]}},"_links":{"self":[{"href":"https:\/\/anvilaw.com\/vi\/wp-json\/wp\/v2\/posts\/24366","targetHints":{"allow":["GET"]}}],"collection":[{"href":"https:\/\/anvilaw.com\/vi\/wp-json\/wp\/v2\/posts"}],"about":[{"href":"https:\/\/anvilaw.com\/vi\/wp-json\/wp\/v2\/types\/post"}],"author":[{"embeddable":true,"href":"https:\/\/anvilaw.com\/vi\/wp-json\/wp\/v2\/users\/10"}],"replies":[{"embeddable":true,"href":"https:\/\/anvilaw.com\/vi\/wp-json\/wp\/v2\/comments?post=24366"}],"version-history":[{"count":0,"href":"https:\/\/anvilaw.com\/vi\/wp-json\/wp\/v2\/posts\/24366\/revisions"}],"wp:featuredmedia":[{"embeddable":true,"href":"https:\/\/anvilaw.com\/vi\/wp-json\/wp\/v2\/media\/24375"}],"wp:attachment":[{"href":"https:\/\/anvilaw.com\/vi\/wp-json\/wp\/v2\/media?parent=24366"}],"wp:term":[{"taxonomy":"category","embeddable":true,"href":"https:\/\/anvilaw.com\/vi\/wp-json\/wp\/v2\/categories?post=24366"},{"taxonomy":"post_tag","embeddable":true,"href":"https:\/\/anvilaw.com\/vi\/wp-json\/wp\/v2\/tags?post=24366"}],"curies":[{"name":"wp","href":"https:\/\/api.w.org\/{rel}","templated":true}]}}